{"id":103,"date":"2015-01-03T17:22:54","date_gmt":"2015-01-03T17:22:54","guid":{"rendered":"https:\/\/der-bildungsexperte.de\/?p=103"},"modified":"2015-01-03T17:22:54","modified_gmt":"2015-01-03T17:22:54","slug":"inklusion-in-brandenburger-schulen","status":"publish","type":"post","link":"https:\/\/der-bildungsexperte.de\/?p=103","title":{"rendered":"Inklusion in Brandenburger Schulen"},"content":{"rendered":"<p>Die <strong>Empfehlungen zur inklusiven Bildung des wissenschaftlichen Beirats Inklusion<\/strong> in Brandenburg wurden am 31.03.2014 der damaligen Ministerin Martina M\u00fcnch \u00fcbergeben (den Link zu den Empfehlungen finden Sie auf der Seite Links \/ Inklusion). Am 12.06.2014 wurden diese Empfehlungen im Ausschuss f\u00fcr Bildung, Jugend und Sport des Landes Brandenburg vorgestellt (den Protokollauszug finden Sie ebenfalls unter Links \/ Inklusion).<br \/>\n<strong>Ministerin Martina M\u00fcnch<\/strong> hat die Arbeit des Beirats gew\u00fcrdigt und deutlich gemacht, dass die Brandenburger Bildungspolitik auf einem guten Weg ist, diese Empfehlungen zur inklusiven Bildung umzusetzen.<\/p>\n<p><strong>Aus dem Protokoll des Ausschusses:<\/strong><\/p>\n<p>\u201eMinisterin Frau Dr. M\u00fcnch bedankt sich zun\u00e4chst f\u00fcr die intensive Arbeit des Beirats. Die daraus entstandenen Empfehlungen seien f\u00fcr den weiteren Prozess der Inklusion sehr wichtig.\u201c<br \/>\nAuch alle Fraktionen haben betont, wie wegweisend diese Empfehlungen sind:<br \/>\n\u201e<strong>Abgeordnete Frau von Halem<\/strong> (B\u00dcNDNIS 90\/DIE GR\u00dcNEN) bedankt sich ebenfalls f\u00fcr die gro\u00dfartige Arbeit des Beirats. Die breite F\u00fclle an Empfehlungen sei bemerkenswert. Sie wolle nicht auf die Empfehlungen im Einzelnen eingehen. Jedoch gebe es mehrere Punkte, die schon l\u00e4nger in der Diskussion seien. Besonders positiv sei es, dass hervorgehoben werde, dass die verschiedenen Ebenen der schulischen Inklusion und der Inklusion \u00fcberhaupt beteiligt werden m\u00fcssten\u2026\u201c<\/p>\n<p>\u201e<strong>Abgeordneter G\u00fcnther<\/strong> (SPD) bedankt sich f\u00fcr die Empfehlungen des Beirats, der eine Messlatte gesetzt h\u00e4tte, an der sich jede zuk\u00fcnftige Landesregierung messen<br \/>\nlassen m\u00fcsse. Es sei daraus auch hervorgegangen, wie wenig vorbereitet die gesamte Gesellschaft auf das Thema Inklusion sei. Sie sei vom Kopf her \u00fcberhaupt<br \/>\nnoch nicht darauf eingestellt. Daher sei es wichtig, f\u00fcr das gemeinsame Leben und Lernen zu werben.\u201c<\/p>\n<p>\u201e<strong>Abgeordneter Senftleben<\/strong> (CDU) bedankt sich zun\u00e4chst f\u00fcr die sorgf\u00e4ltig ausgearbeiteten Empfehlungen des Beirats. \u2026 Als besonders Ziel stellt er heraus, dass bei allen Umstrukturierungen des Schulsystems den Sch\u00fclerinnen und Sch\u00fclern die M\u00f6glichkeit des Berufsabschlusses erm\u00f6glicht werden m\u00fcsse. \u2026 Hier gehe es insbesondere um die Frage der Anerkennung von Abschl\u00fcssen. \u2026 Insbesondere begr\u00fc\u00dfe er den Hinweis zum Schulbauprogramm. Nur damit k\u00f6nne es gelingen, eine wirkliche Erreichbarkeit f\u00fcr jeden Sch\u00fcler zu gew\u00e4hrleisten.\u201c<\/p>\n<p>\u201e<strong>Abgeordneter B\u00fcttner<\/strong> (FDP) bedankt sich f\u00fcr die Arbeit des Beirats und betont, dass die Empfehlung genau das sei, was das Land zu dem Thema Inklusion brauche. Er<br \/>\nwolle daraus drei Punkte aufgreifen. Bez\u00fcglich der Kommunen f\u00fchrt er an, dass diese selbst Verpflichtete der UN-Behindertenrechtskonvention seien und sich daher nicht unbegrenzt auf das Konnexit\u00e4tsprinzip berufen k\u00f6nnten. Er habe den Eindruck, dass das Thema der Inklusion insgesamt auf st\u00e4dtischer und gemeindlicher Ebene nicht zu den priorit\u00e4ren Themen geh\u00f6ren w\u00fcrde\u2026.\u201c<\/p>\n<p>\u201e<strong>Abgeordnete Frau Gro\u00dfe<\/strong> (DIE LINKE) \u2026 bedankt sich ebenfalls f\u00fcr die Arbeit des wissenschaftlichen Beirats und das einstimmige Votum, was an sich bereits von gro\u00dfem Wert sei.\u201c<\/p>\n<p>Nun ist der neue <strong>Bildungsminister G\u00fcnter Baaske<\/strong> (SPD) gefordert, diese breite Zustimmung zu nutzen, um inklusive Bildung auf der Grundlage der Empfehlungen des Beirates auch umzusetzen. Alles andere w\u00e4re ein Verlust an Glaubw\u00fcrdigkeit der SPD-Bildungspolitik!<\/p>\n","protected":false},"excerpt":{"rendered":"<p>Die Empfehlungen zur inklusiven Bildung des wissenschaftlichen Beirats Inklusion in Brandenburg wurden am 31.03.2014 der damaligen Ministerin Martina M\u00fcnch \u00fcbergeben (den Link zu den Empfehlungen finden Sie auf der Seite Links \/ Inklusion). Am 12.06.2014 wurden diese Empfehlungen im Ausschuss&#8230;<br \/><a class=\"read-more-button\" href=\"https:\/\/der-bildungsexperte.de\/?p=103\">Mehr Lesen<\/a><\/p>\n","protected":false},"author":1,"featured_media":0,"comment_status":"open","ping_status":"closed","sticky":false,"template":"","format":"standard","meta":{"om_disable_all_campaigns":false,"_monsterinsights_skip_tracking":false,"_monsterinsights_sitenote_active":false,"_monsterinsights_sitenote_note":"","_monsterinsights_sitenote_category":0,"_uf_show_specific_survey":0,"_uf_disable_surveys":false,"footnotes":""},"categories":[21,13],"tags":[20,18,16,19],"class_list":["post-103","post","type-post","status-publish","format-standard","hentry","category-bildungspolitik","category-inklusion","tag-bildungspolitik","tag-empfehlungen-zur-inklusiven-bildung","tag-inklusion","tag-inklusion-in-brandenburg"],"aioseo_notices":[],"_links":{"self":[{"href":"https:\/\/der-bildungsexperte.de\/index.php?rest_route=\/wp\/v2\/posts\/103","targetHints":{"allow":["GET"]}}],"collection":[{"href":"https:\/\/der-bildungsexperte.de\/index.php?rest_route=\/wp\/v2\/posts"}],"about":[{"href":"https:\/\/der-bildungsexperte.de\/index.php?rest_route=\/wp\/v2\/types\/post"}],"author":[{"embeddable":true,"href":"https:\/\/der-bildungsexperte.de\/index.php?rest_route=\/wp\/v2\/users\/1"}],"replies":[{"embeddable":true,"href":"https:\/\/der-bildungsexperte.de\/index.php?rest_route=%2Fwp%2Fv2%2Fcomments&post=103"}],"version-history":[{"count":3,"href":"https:\/\/der-bildungsexperte.de\/index.php?rest_route=\/wp\/v2\/posts\/103\/revisions"}],"predecessor-version":[{"id":106,"href":"https:\/\/der-bildungsexperte.de\/index.php?rest_route=\/wp\/v2\/posts\/103\/revisions\/106"}],"wp:attachment":[{"href":"https:\/\/der-bildungsexperte.de\/index.php?rest_route=%2Fwp%2Fv2%2Fmedia&parent=103"}],"wp:term":[{"taxonomy":"category","embeddable":true,"href":"https:\/\/der-bildungsexperte.de\/index.php?rest_route=%2Fwp%2Fv2%2Fcategories&post=103"},{"taxonomy":"post_tag","embeddable":true,"href":"https:\/\/der-bildungsexperte.de\/index.php?rest_route=%2Fwp%2Fv2%2Ftags&post=103"}],"curies":[{"name":"wp","href":"https:\/\/api.w.org\/{rel}","templated":true}]}}