{"id":140,"date":"2015-03-01T14:48:45","date_gmt":"2015-03-01T14:48:45","guid":{"rendered":"https:\/\/der-bildungsexperte.de\/?p=140"},"modified":"2015-03-01T14:48:45","modified_gmt":"2015-03-01T14:48:45","slug":"neue-seite-andachten-und-predigten","status":"publish","type":"post","link":"https:\/\/der-bildungsexperte.de\/?p=140","title":{"rendered":"Neue Seite: Andachten und Predigten"},"content":{"rendered":"<p>Auf vielfachen Wunsch werde ich auf der neuen Seite <strong>&#8222;Andachten und Predigten&#8220;<\/strong> einige meiner Predigten und Andachten ver\u00f6ffentlichen.<\/p>\n<p>Dazu auch<strong> \u00dcbersetzungen von biblischen Texten in einfache Sprache<\/strong>.<\/p>\n<p>\u00dcber R\u00fcckmeldungen dazu freue ich mich, denn ich halte den Dialog dar\u00fcber, wie biblische Texte in einfache Sprache \u00fcbertragen werden k\u00f6nnen, ohne die theologische Aussage und Tiefe zu verlieren, f\u00fcr ganz wichtig.<\/p>\n","protected":false},"excerpt":{"rendered":"<p>Auf vielfachen Wunsch werde ich auf der neuen Seite &#8222;Andachten und Predigten&#8220; einige meiner Predigten und Andachten ver\u00f6ffentlichen. Dazu auch \u00dcbersetzungen von biblischen Texten in einfache Sprache. \u00dcber R\u00fcckmeldungen dazu freue ich mich, denn ich halte den Dialog dar\u00fcber, wie&#8230;<br \/><a class=\"read-more-button\" href=\"https:\/\/der-bildungsexperte.de\/?p=140\">Mehr Lesen<\/a><\/p>\n","protected":false},"author":1,"featured_media":0,"comment_status":"open","ping_status":"closed","sticky":false,"template":"","format":"standard","meta":{"om_disable_all_campaigns":false,"_monsterinsights_skip_tracking":false,"_monsterinsights_sitenote_active":false,"_monsterinsights_sitenote_note":"","_monsterinsights_sitenote_category":0,"_uf_show_specific_survey":0,"_uf_disable_surveys":false,"footnotes":""},"categories":[27,28,10],"tags":[29,31,30],"class_list":["post-140","post","type-post","status-publish","format-standard","hentry","category-einfache-sprache","category-predigten","category-texte-zum-nachdenken","tag-andacht","tag-einfache-sprache","tag-predigt"],"aioseo_notices":[],"_links":{"self":[{"href":"https:\/\/der-bildungsexperte.de\/index.php?rest_route=\/wp\/v2\/posts\/140","targetHints":{"allow":["GET"]}}],"collection":[{"href":"https:\/\/der-bildungsexperte.de\/index.php?rest_route=\/wp\/v2\/posts"}],"about":[{"href":"https:\/\/der-bildungsexperte.de\/index.php?rest_route=\/wp\/v2\/types\/post"}],"author":[{"embeddable":true,"href":"https:\/\/der-bildungsexperte.de\/index.php?rest_route=\/wp\/v2\/users\/1"}],"replies":[{"embeddable":true,"href":"https:\/\/der-bildungsexperte.de\/index.php?rest_route=%2Fwp%2Fv2%2Fcomments&post=140"}],"version-history":[{"count":1,"href":"https:\/\/der-bildungsexperte.de\/index.php?rest_route=\/wp\/v2\/posts\/140\/revisions"}],"predecessor-version":[{"id":141,"href":"https:\/\/der-bildungsexperte.de\/index.php?rest_route=\/wp\/v2\/posts\/140\/revisions\/141"}],"wp:attachment":[{"href":"https:\/\/der-bildungsexperte.de\/index.php?rest_route=%2Fwp%2Fv2%2Fmedia&parent=140"}],"wp:term":[{"taxonomy":"category","embeddable":true,"href":"https:\/\/der-bildungsexperte.de\/index.php?rest_route=%2Fwp%2Fv2%2Fcategories&post=140"},{"taxonomy":"post_tag","embeddable":true,"href":"https:\/\/der-bildungsexperte.de\/index.php?rest_route=%2Fwp%2Fv2%2Ftags&post=140"}],"curies":[{"name":"wp","href":"https:\/\/api.w.org\/{rel}","templated":true}]}}