{"id":72,"date":"2014-12-26T23:11:58","date_gmt":"2014-12-26T23:11:58","guid":{"rendered":"https:\/\/der-bildungsexperte.de\/?p=72"},"modified":"2014-12-27T14:20:24","modified_gmt":"2014-12-27T14:20:24","slug":"nachdenkliche-weihnachtsgedanken-2014","status":"publish","type":"post","link":"https:\/\/der-bildungsexperte.de\/?p=72","title":{"rendered":"Nachdenkliche Weihnachtsgedanken 2014"},"content":{"rendered":"<blockquote><p>\u201eEs w\u00e4chst hienieden Brot genug<br \/>\nF\u00fcr alle Menschenkinder,<br \/>\nAuch Rosen und Myrten, Sch\u00f6nheit und Lust,<br \/>\nUnd Zuckererbsen nicht minder.\u201c<br \/>\nAus: Heinrich Heine, Ein Winterm\u00e4rchen<\/p><\/blockquote>\n<p>Wieder geht ein Jahr mit vielen ermutigenden, manchmal auch spannungsgeladenen Begegnungen zuende. Dankbar denke ich an alles, was ich von Euch und Ihnen lernen konnte. So viele sind engagiert und beteiligt, das gemeinsame Lernen in den Schulen zu gestalten und jedem Kind die optimalen Lern- und Entwicklungsbedingungen zu schaffen. Auch in vielen Kommunen, in der Gesellschaft beginnt ein Prozess, der darauf ausgerichtet ist, die Teilhabe aller an einem erf\u00fcllten Leben zu sichern. Angemessene Vorkehrungen helfen, dass Barrieren nicht zu Behinderungen f\u00fchren. Gemeinsames Lernen und Leben in Vielfalt und ohne Diskriminierungen. Ja, viele von Euch sind in diesem Prozess sehr engagiert. Das tut gut!<\/p>\n<p>Und trotzdem wird mir kalt. Manchmal eiskalt. Es wird wieder einmal Winter in Deutschland \u2013 nicht von den Temperaturen her, die sind eher fr\u00fchlingshaft. Kein Winterm\u00e4rchen, sondern eine<br \/>\nEiszeit,<br \/>\n\u2026 in der gedankenlose Strohfeuer in Dresden, Rostock und viel zu vielen anderen Orten entz\u00fcndet werden\u2026<br \/>\n\u2026 in der gewaltige Worth\u00fclsen die eigenen Unf\u00e4higkeiten im Umgang mit Kritik zu \u00fcbert\u00f6nen versuchen\u2026<br \/>\n\u2026 in der milit\u00e4rische Gro\u00dfmannssucht die Hilflosigkeit der Verst\u00e4ndigung suchenden Diplomatie \u00fcberlagert\u2026<br \/>\n\u2026 in der immer neue Strukturreformen im Bereich der schulischen Bildung engagierte Lehrerinnen und Lehrer an den Rand des Zusammenbruchs bringen\u2026<br \/>\n\u2026 in der es nicht mehr um Menschenrechte geht, sondern das eigene (politische) \u00dcberleben das Handeln bestimmt.<\/p>\n<p>Es ist an der Zeit, sich noch einmal an Heinrich Heines Winterm\u00e4rchen zu erinnern. In seiner bissig-satirischen Kritik macht er deutlich: Es ist genug \u201eBrot\u201c, \u201eSch\u00f6nheit und Lust\u201c f\u00fcr alle da. Oder wie ich es als Theologe sagen m\u00f6chte: Es gibt den \u201eglimmenden Docht\u201c, der neben den auflodernden, schnellverzehrenden Feuersbr\u00fcnsten so leicht \u00fcbersehen wird. Und es gibt die damit verbundene Hoffnung, die mit dem Kommen Christi verbunden ist und an der wir uns als Christen orientieren k\u00f6nnen:<\/p>\n<blockquote><p>\u201eSeht, das ist mein Knecht,\u2026 er bringt den V\u00f6lkern das Recht.<br \/>\nEr schreit nicht und l\u00e4rmt nicht und l\u00e4sst seine Stimme nicht auf der Stra\u00dfe erschallen.<br \/>\nDas geknickte Rohr zerbricht er nicht und den glimmenden Docht l\u00f6scht er nicht aus;<br \/>\nja, er bringt wirklich das Recht.<br \/>\nEr wird nicht m\u00fcde und bricht nicht zusammen, bis er auf der Erde das Recht begr\u00fcndet hat.\u201c<br \/>\nJesaja 42,1ff<\/p><\/blockquote>\n<p>F\u00fcr die n\u00e4chsten Tage des Feierns, des Zusammenseins mit Familie und Freunden w\u00fcnsche ich Euch und Ihnen, dass die glimmenden Dochte der Kerzen an den Sinn des Lebens erinnern. Und wer alleine ist, dem w\u00fcnsche ich den Mut, auf andere zuzugehen.<\/p>\n","protected":false},"excerpt":{"rendered":"<p>\u201eEs w\u00e4chst hienieden Brot genug F\u00fcr alle Menschenkinder, Auch Rosen und Myrten, Sch\u00f6nheit und Lust, Und Zuckererbsen nicht minder.\u201c Aus: Heinrich Heine, Ein Winterm\u00e4rchen Wieder geht ein Jahr mit vielen ermutigenden, manchmal auch spannungsgeladenen Begegnungen zuende. Dankbar denke ich an&#8230;<br \/><a class=\"read-more-button\" href=\"https:\/\/der-bildungsexperte.de\/?p=72\">Mehr Lesen<\/a><\/p>\n","protected":false},"author":1,"featured_media":0,"comment_status":"open","ping_status":"closed","sticky":false,"template":"","format":"standard","meta":{"om_disable_all_campaigns":false,"_monsterinsights_skip_tracking":false,"_monsterinsights_sitenote_active":false,"_monsterinsights_sitenote_note":"","_monsterinsights_sitenote_category":0,"_uf_show_specific_survey":0,"_uf_disable_surveys":false,"footnotes":""},"categories":[10],"tags":[],"class_list":["post-72","post","type-post","status-publish","format-standard","hentry","category-texte-zum-nachdenken"],"aioseo_notices":[],"_links":{"self":[{"href":"https:\/\/der-bildungsexperte.de\/index.php?rest_route=\/wp\/v2\/posts\/72","targetHints":{"allow":["GET"]}}],"collection":[{"href":"https:\/\/der-bildungsexperte.de\/index.php?rest_route=\/wp\/v2\/posts"}],"about":[{"href":"https:\/\/der-bildungsexperte.de\/index.php?rest_route=\/wp\/v2\/types\/post"}],"author":[{"embeddable":true,"href":"https:\/\/der-bildungsexperte.de\/index.php?rest_route=\/wp\/v2\/users\/1"}],"replies":[{"embeddable":true,"href":"https:\/\/der-bildungsexperte.de\/index.php?rest_route=%2Fwp%2Fv2%2Fcomments&post=72"}],"version-history":[{"count":2,"href":"https:\/\/der-bildungsexperte.de\/index.php?rest_route=\/wp\/v2\/posts\/72\/revisions"}],"predecessor-version":[{"id":75,"href":"https:\/\/der-bildungsexperte.de\/index.php?rest_route=\/wp\/v2\/posts\/72\/revisions\/75"}],"wp:attachment":[{"href":"https:\/\/der-bildungsexperte.de\/index.php?rest_route=%2Fwp%2Fv2%2Fmedia&parent=72"}],"wp:term":[{"taxonomy":"category","embeddable":true,"href":"https:\/\/der-bildungsexperte.de\/index.php?rest_route=%2Fwp%2Fv2%2Fcategories&post=72"},{"taxonomy":"post_tag","embeddable":true,"href":"https:\/\/der-bildungsexperte.de\/index.php?rest_route=%2Fwp%2Fv2%2Ftags&post=72"}],"curies":[{"name":"wp","href":"https:\/\/api.w.org\/{rel}","templated":true}]}}