{"id":890,"date":"2025-11-20T17:56:48","date_gmt":"2025-11-20T17:56:48","guid":{"rendered":"https:\/\/der-bildungsexperte.de\/?p=890"},"modified":"2025-11-20T18:05:34","modified_gmt":"2025-11-20T18:05:34","slug":"neuer-weg-vertraute-arbeit","status":"publish","type":"post","link":"https:\/\/der-bildungsexperte.de\/?p=890","title":{"rendered":"Neuer Weg \u2013 vertraute Arbeit"},"content":{"rendered":"\n<p>Seit 16 Jahren finden Sie auf dieser Homepage meine Angebote als Bildungsexperte. Viele gemeinsame Projekte, Gespr\u00e4che und Fortbildungen sind in dieser Zeit entstanden \u2013 daf\u00fcr m\u00f6chte ich mich herzlich bedanken.<\/p>\n\n\n\n<p>Nun geht meine Arbeit einen Schritt weiter: Gemeinsam mit Frau Dr. Dr. Christine Chory habe ich den <strong>Stein &amp; Welle Verlag<\/strong> gegr\u00fcndet. Dort wird meine p\u00e4dagogische Arbeit k\u00fcnftig als eigene Bildungssparte weitergef\u00fchrt.<br>Der Verlag hat au\u00dfer der Sparte &#8222;Bildung und Beratung&#8220; zwei weitere Schwerpunkte:<\/p>\n\n\n\n<ol class=\"wp-block-list\">\n<li>B\u00fccher, die Familien und Generationen verbinden und Kinder neugierig machen sowie Literatur, die p\u00e4dagogische Arbeit unterst\u00fctzt.<\/li>\n\n\n\n<li>Au\u00dferdem begleiten wir Lehrerinnen und Lehrer sowie andere Autor*innen, die ihre Erfahrungen, Projekte oder besonderen Arbeiten ver\u00f6ffentlichen m\u00f6chten \u2013 vom Schreiben bis zum Layout.<\/li>\n<\/ol>\n\n\n\n<p>Diese Homepage bleibt weiterhin bestehen. Gleichzeitig lade ich Sie ein, einen Blick auf die neue Verlagsseite zu werfen und dort meine aktuellen Angebote abzurufen.<\/p>\n\n\n\n<p>Ich w\u00fcrde mich freuen, wenn die vertrauensvolle Zusammenarbeit, die uns seit vielen Jahren verbindet, auch im Stein &amp; Welle Verlag weitergef\u00fchrt wird.<\/p>\n\n\n\n<p>Wildeshausen, 20. November 2025<br>Wilfried W. Steinert<br>Verleger, Autor und Bildungsexperte<\/p>\n\n\n\n<div class=\"wp-block-buttons is-content-justification-center is-layout-flex wp-container-core-buttons-is-layout-16018d1d wp-block-buttons-is-layout-flex\">\n<div class=\"wp-block-button\"><a class=\"wp-block-button__link has-vivid-cyan-blue-background-color has-background wp-element-button\" href=\"http:\/\/www.steinundwelle.de\">Zum Stein &amp; Welle Verlag<\/a><\/div>\n<\/div>\n","protected":false},"excerpt":{"rendered":"<p>Seit 16 Jahren finden Sie auf dieser Homepage meine Angebote als Bildungsexperte. Viele gemeinsame Projekte, Gespr\u00e4che und Fortbildungen sind in dieser Zeit entstanden \u2013 daf\u00fcr m\u00f6chte ich mich herzlich bedanken. Nun geht meine Arbeit einen Schritt weiter: Gemeinsam mit Frau&#8230;<br \/><a class=\"read-more-button\" href=\"https:\/\/der-bildungsexperte.de\/?p=890\">Mehr Lesen<\/a><\/p>\n","protected":false},"author":1,"featured_media":893,"comment_status":"open","ping_status":"closed","sticky":false,"template":"","format":"standard","meta":{"om_disable_all_campaigns":false,"_monsterinsights_skip_tracking":false,"_monsterinsights_sitenote_active":false,"_monsterinsights_sitenote_note":"","_monsterinsights_sitenote_category":0,"_uf_show_specific_survey":0,"_uf_disable_surveys":false,"footnotes":""},"categories":[1],"tags":[],"class_list":["post-890","post","type-post","status-publish","format-standard","has-post-thumbnail","hentry","category-uncategorized"],"aioseo_notices":[],"_links":{"self":[{"href":"https:\/\/der-bildungsexperte.de\/index.php?rest_route=\/wp\/v2\/posts\/890","targetHints":{"allow":["GET"]}}],"collection":[{"href":"https:\/\/der-bildungsexperte.de\/index.php?rest_route=\/wp\/v2\/posts"}],"about":[{"href":"https:\/\/der-bildungsexperte.de\/index.php?rest_route=\/wp\/v2\/types\/post"}],"author":[{"embeddable":true,"href":"https:\/\/der-bildungsexperte.de\/index.php?rest_route=\/wp\/v2\/users\/1"}],"replies":[{"embeddable":true,"href":"https:\/\/der-bildungsexperte.de\/index.php?rest_route=%2Fwp%2Fv2%2Fcomments&post=890"}],"version-history":[{"count":3,"href":"https:\/\/der-bildungsexperte.de\/index.php?rest_route=\/wp\/v2\/posts\/890\/revisions"}],"predecessor-version":[{"id":897,"href":"https:\/\/der-bildungsexperte.de\/index.php?rest_route=\/wp\/v2\/posts\/890\/revisions\/897"}],"wp:featuredmedia":[{"embeddable":true,"href":"https:\/\/der-bildungsexperte.de\/index.php?rest_route=\/wp\/v2\/media\/893"}],"wp:attachment":[{"href":"https:\/\/der-bildungsexperte.de\/index.php?rest_route=%2Fwp%2Fv2%2Fmedia&parent=890"}],"wp:term":[{"taxonomy":"category","embeddable":true,"href":"https:\/\/der-bildungsexperte.de\/index.php?rest_route=%2Fwp%2Fv2%2Fcategories&post=890"},{"taxonomy":"post_tag","embeddable":true,"href":"https:\/\/der-bildungsexperte.de\/index.php?rest_route=%2Fwp%2Fv2%2Ftags&post=890"}],"curies":[{"name":"wp","href":"https:\/\/api.w.org\/{rel}","templated":true}]}}